{"id":884,"date":"2015-08-15T20:13:44","date_gmt":"2015-08-15T20:13:44","guid":{"rendered":""},"modified":"-0001-11-30T00:00:00","modified_gmt":"-0001-11-29T22:00:00","slug":"","status":"publish","type":"post","link":"https:\/\/www.chapelle-crecy.com\/?p=884","title":{"rendered":"F\u00eater Marie \u00e0\u00a0 la Coll\u00e9giale Notre-Dame de L&rsquo;Assomption"},"content":{"rendered":"<div align=\"justify\">A 10h30, ce 15 ao\u00fbt, c&rsquo;est une tr\u00e8s belle messe qu&rsquo;a c\u00e9l\u00e9br\u00e9e le P\u00e8re Thierry Leroy,  dans cette magnifique Coll\u00e9giale de Cr\u00e9cy, plac\u00e9e sous le patronage de  la Vierge Marie, sublime et incontournable chef d&rsquo;oeuvre gothique du XII\u00e8me si\u00e8cle, s&rsquo;\u00e9levant vers le ciel \u00e0\u00a0 la gloire de Dieu. Au cours d&rsquo;une hom\u00e9lie exceptionnelle, notre cur\u00e9 du P\u00f4le de Meaux a expliqu\u00e9 avec des mots simples \u00e0\u00a0 une large assembl\u00e9e attentive le myst\u00e8re de l&rsquo;Assomption. Voici en substance, ce qu&rsquo;il nous a dit sur le sens de la f\u00eate du 15 ao\u00fbt: \u00ab\u00a0la Vierge Marie, en toute libert\u00e9, a dit oui \u00e0\u00a0 Dieu \u00e0\u00a0 la mission qui lui a \u00e9t\u00e9 confi\u00e9e d&rsquo;\u00eatre la M\u00e8re du Christ et a toujours eu une vie exemplaire refusant le p\u00e9ch\u00e9 (La femme fuyant le Dragon dans le r\u00e9cit de l&rsquo;Apocalypse, ch 12). Or, \u00e0\u00a0 la fin de notre vie terrestre, chacun de nous est aussi appel\u00e9 \u00e0\u00a0 rejoindre le Ciel. Mais, pour voir la Gloire de Dieu si \u00e9clatante, il nous faudra nous ajuster, nous d\u00e9barrasser des fautes qui nous encombrent. La Vierge Marie, elle, par sa vie de puret\u00e9, n&rsquo;a pas eu besoin de passer par le \u00ab\u00a0purgatoire\u00a0\u00bb pour rejoindre la Maison \u00e9ternelle du P\u00e8re. Ne connaissant pas pr\u00e9cis\u00e9ment les derniers instants de sa vie sur terre, on peut penser qu&rsquo;elle s&rsquo;est endormie (Les Orthodoxes parlent de Dormition) et puis qu&rsquo;elle est directement mont\u00e9e au Ciel, corps et  me, sans devoir passer par la mort (s\u00e9paration du corps de l&rsquo; me), contrairement \u00e0\u00a0 nous, pauvres p\u00e9cheurs. Sainte Marie, la premi\u00e8re en chemin, priez pour nous.\u00a0\u00bb<br \/>\nBonne f\u00eate de l&rsquo;Assomption et bonne f\u00eate \u00e0\u00a0 toutes les Marie !<\/div>\n<div align=\"justify\">\n <iframe loading=\"lazy\" width=\"640\" height=\"360\" src=\"https:\/\/www.youtube.com\/embed\/UEmQh77K0Rs?feature=player_embedded\" frameborder=\"0\" allowfullscreen><\/iframe><\/div>\n","protected":false},"excerpt":{"rendered":"<p>A 10h30, ce 15 ao\u00fbt, c&rsquo;est une tr\u00e8s belle messe qu&rsquo;a c\u00e9l\u00e9br\u00e9e le P\u00e8re Thierry Leroy, dans cette magnifique Coll\u00e9giale de Cr\u00e9cy, plac\u00e9e sous le patronage de la Vierge Marie, sublime et incontournable chef&#46;&#46;&#46;<\/p>\n","protected":false},"author":2,"featured_media":0,"comment_status":"open","ping_status":"open","sticky":false,"template":"","format":"standard","meta":{"footnotes":""},"categories":[],"tags":[],"class_list":["post-884","post","type-post","status-publish","format-standard","hentry"],"_links":{"self":[{"href":"https:\/\/www.chapelle-crecy.com\/index.php?rest_route=\/wp\/v2\/posts\/884","targetHints":{"allow":["GET"]}}],"collection":[{"href":"https:\/\/www.chapelle-crecy.com\/index.php?rest_route=\/wp\/v2\/posts"}],"about":[{"href":"https:\/\/www.chapelle-crecy.com\/index.php?rest_route=\/wp\/v2\/types\/post"}],"author":[{"embeddable":true,"href":"https:\/\/www.chapelle-crecy.com\/index.php?rest_route=\/wp\/v2\/users\/2"}],"replies":[{"embeddable":true,"href":"https:\/\/www.chapelle-crecy.com\/index.php?rest_route=%2Fwp%2Fv2%2Fcomments&post=884"}],"version-history":[{"count":0,"href":"https:\/\/www.chapelle-crecy.com\/index.php?rest_route=\/wp\/v2\/posts\/884\/revisions"}],"wp:attachment":[{"href":"https:\/\/www.chapelle-crecy.com\/index.php?rest_route=%2Fwp%2Fv2%2Fmedia&parent=884"}],"wp:term":[{"taxonomy":"category","embeddable":true,"href":"https:\/\/www.chapelle-crecy.com\/index.php?rest_route=%2Fwp%2Fv2%2Fcategories&post=884"},{"taxonomy":"post_tag","embeddable":true,"href":"https:\/\/www.chapelle-crecy.com\/index.php?rest_route=%2Fwp%2Fv2%2Ftags&post=884"}],"curies":[{"name":"wp","href":"https:\/\/api.w.org\/{rel}","templated":true}]}}