{"id":946,"date":"2015-03-14T20:10:00","date_gmt":"2015-03-14T20:10:00","guid":{"rendered":""},"modified":"-0001-11-30T00:00:00","modified_gmt":"-0001-11-29T22:00:00","slug":"","status":"publish","type":"post","link":"https:\/\/www.chapelle-crecy.com\/?p=946","title":{"rendered":"Parking inaccessible"},"content":{"rendered":"<p><img1773|left><\/p>\n<div align=\"justify\">Le parking attenant aux salles paroissiales \u00e0 Cr\u00e9cy est inutilisable ce soir, pour vous qui allez venir en voiture \u00e0 la messe de l&rsquo;Immacul\u00e9e Conception \u00e0 20h30 \u00e0 saint Georges.<\/p>\n<p>Les travaux de r\u00e9novation des salles paroissiales sont imminents (c&rsquo;est une bonne nouvelle cela !) et ont n\u00e9cessit\u00e9 la d\u00e9pose d&rsquo;une benne aujourd&rsquo;hui pour l&rsquo;enl\u00e8vement des \u00e9l\u00e9ments divers qui sont \u00e0 jeter. Par cons\u00e9quent nous ne pouvons pas nous garer ce soir dans l&rsquo;espace r\u00e9serv\u00e9 habituellement, la benne n&rsquo;\u00e9tant enlev\u00e9e que demain matin. L&rsquo;usage du parking sera bien entendu de nouveau possible apr\u00e8s.<\/p><\/div>\n","protected":false},"excerpt":{"rendered":"<p>Le parking attenant aux salles paroissiales \u00e0 Cr\u00e9cy est inutilisable ce soir, pour vous qui allez venir en voiture \u00e0 la messe de l&rsquo;Immacul\u00e9e Conception \u00e0 20h30 \u00e0 saint Georges. Les travaux de r\u00e9novation&#46;&#46;&#46;<\/p>\n","protected":false},"author":2,"featured_media":0,"comment_status":"open","ping_status":"open","sticky":false,"template":"","format":"standard","meta":{"footnotes":""},"categories":[],"tags":[],"class_list":["post-946","post","type-post","status-publish","format-standard","hentry"],"_links":{"self":[{"href":"https:\/\/www.chapelle-crecy.com\/index.php?rest_route=\/wp\/v2\/posts\/946","targetHints":{"allow":["GET"]}}],"collection":[{"href":"https:\/\/www.chapelle-crecy.com\/index.php?rest_route=\/wp\/v2\/posts"}],"about":[{"href":"https:\/\/www.chapelle-crecy.com\/index.php?rest_route=\/wp\/v2\/types\/post"}],"author":[{"embeddable":true,"href":"https:\/\/www.chapelle-crecy.com\/index.php?rest_route=\/wp\/v2\/users\/2"}],"replies":[{"embeddable":true,"href":"https:\/\/www.chapelle-crecy.com\/index.php?rest_route=%2Fwp%2Fv2%2Fcomments&post=946"}],"version-history":[{"count":0,"href":"https:\/\/www.chapelle-crecy.com\/index.php?rest_route=\/wp\/v2\/posts\/946\/revisions"}],"wp:attachment":[{"href":"https:\/\/www.chapelle-crecy.com\/index.php?rest_route=%2Fwp%2Fv2%2Fmedia&parent=946"}],"wp:term":[{"taxonomy":"category","embeddable":true,"href":"https:\/\/www.chapelle-crecy.com\/index.php?rest_route=%2Fwp%2Fv2%2Fcategories&post=946"},{"taxonomy":"post_tag","embeddable":true,"href":"https:\/\/www.chapelle-crecy.com\/index.php?rest_route=%2Fwp%2Fv2%2Ftags&post=946"}],"curies":[{"name":"wp","href":"https:\/\/api.w.org\/{rel}","templated":true}]}}