{"id":950,"date":"2015-12-27T18:32:37","date_gmt":"2015-12-27T18:32:37","guid":{"rendered":""},"modified":"-0001-11-30T00:00:00","modified_gmt":"-0001-11-29T22:00:00","slug":"","status":"publish","type":"post","link":"https:\/\/www.chapelle-crecy.com\/?p=950","title":{"rendered":"Annonces du 28 d\u00e9cembre 2015 au 3 janvier 2016"},"content":{"rendered":"<div align=\"justify\">Voici les annonces de la semaine du lundi 28 d\u00e9cembre au dimanche 3 janvier 2016 pour la paroisse des 3 clochers Cr\u00e9cy-la-Chapelle, Villiers-sur-Morin, Voulangis. <\/p>\n<p>Samedi 2 \u00e0\u00a0 18 h 30, messe \u00e0\u00a0 Villiers,<br \/>\nDimanche 3 \u00e0\u00a0 10 h 30, messe \u00e0\u00a0 Cr\u00e9cy.<\/p>\n<p>Tous les d\u00e9tails dans la suite &#8230;\n<\/p><\/div>\n<div align=\"center\">\n<table bgcolor =\"F0F0F6\" border=0>\n<tbody>\n<td ><font color=\"0E0C40\"><\/p>\n<div align=\"center\"><b>Lundi 28 d\u00e9cembre<\/b><\/p>\n<p>17 h  Messe \u00e0 la Maison de Retraite.<\/p>\n<p><b>Mardi 29 d\u00e9cembre<\/b><\/p>\n<p> <br \/>\n18 h &#8211; Messe \u00e0 Cr\u00e9cy pour Fran\u00e7ois de LAUBRIERE, Marie-Jos\u00e9 NAUROY et Jean PANHARD.<\/p>\n<p><b>Mercredi 30 d\u00e9cembre<\/b><\/p>\n<p>\n9 h &#8211; Messe \u00e0 Cr\u00e9cy pour Bernard HUTHSTEINER et Philippe CABARET.<\/p>\n<\/div>\n<p><\/font><\/td>\n<td><font color=\"0E0C40\"><\/p>\n<div align=\"center\"><img decoding=\"async\" src=\"\/IMG\/jpg\/creche3.jpg\" width=250><br \/>\n<img decoding=\"async\" src=\"\/IMG\/jpg\/creche1.jpg\" width=250>\n<\/div>\n<p><\/font><\/td>\n<\/tr>\n<\/tbody>\n<\/table>\n<table bgcolor =\"FFF6F0\" border=0>\n<tbody>\n<tr>\n<td><font color=\"00CC00\"><\/p>\n<div align=\"center\"><img decoding=\"async\" src=\"\/IMG\/jpg\/creche_voulangis2015.jpg\" width=250><br \/>\n<i>Cr\u00e8che de Voulangis 2015<\/i><br \/>\n<img decoding=\"async\" src=\"\/IMG\/jpg\/creche_villiers2015.jpg\" width=250><br \/>\n<i>Cr\u00e8che de Villliers 2015<\/i>\n<\/div>\n<p><\/font><\/td>\n<td><font color=\"00CC00\"><\/p>\n<div align=\"center\">\n<p><b>Jeudi 31 d\u00e9cembre<\/b><\/p>\n<p>\n9 h  &#8211; \u00e0 Cr\u00e9cy, MESSE pour Roger DUFAUX et Val\u00e9rie SCHULER.<\/p>\n<p><b>Vendredi 1er janvier<\/b><br \/>\nSainte Marie, M\u00e8re de Dieu<br \/> <br \/>\n10 h 30  Messe \u00e0 Cr\u00e9cy pour Lucien GORRET et Michel DEDIEU.<\/div>\n<p><\/font><\/td>\n<\/tr>\n<\/tbody>\n<\/table>\n<table bgcolor =\"F0F0F6\" border=0>\n<tbody>\n<tr>\n<td><font color=\"0020FF\"><\/p>\n<div align=\"center\"><b>Samedi 2 janvier<\/b><\/p>\n<p>18 h 30 &#8211; Messe \u00e0 Villiers pour Henri CORPECHOT et Stanislas WALTER.<br \/>\n.<\/p>\n<p><b>Dimanche 3 janvier<\/b><\/p>\n<p>EPIPHANIE<br \/>\n10 h 30 &#8211;<br \/>\nA Cr\u00e9cy, messe  pour Claude CHEVALLIER et sa famille. Nous prierons aussi pire Ren\u00e9e HENQUIN et Suzanne LELARD..<\/div>\n<p><\/font><\/td>\n<td><font color=\"0020FF\"><\/p>\n<div align=\"center\"><img decoding=\"async\" src=\"\/IMG\/jpg\/creche_crecy2015.jpg\"  width=300><br \/><i>Cr\u00e9che de Cr\u00e9cy 2015<\/i><\/div>\n<p><\/font><\/td>\n<\/tr>\n<\/tbody>\n<\/table>\n<\/div>\n","protected":false},"excerpt":{"rendered":"<p>Voici les annonces de la semaine du lundi 28 d\u00e9cembre au dimanche 3 janvier 2016 pour la paroisse des 3 clochers Cr\u00e9cy-la-Chapelle, Villiers-sur-Morin, Voulangis. Samedi 2 \u00e0\u00a0 18 h 30, messe \u00e0\u00a0 Villiers, Dimanche&#46;&#46;&#46;<\/p>\n","protected":false},"author":2,"featured_media":0,"comment_status":"open","ping_status":"open","sticky":false,"template":"","format":"standard","meta":{"footnotes":""},"categories":[],"tags":[],"class_list":["post-950","post","type-post","status-publish","format-standard","hentry"],"_links":{"self":[{"href":"https:\/\/www.chapelle-crecy.com\/index.php?rest_route=\/wp\/v2\/posts\/950","targetHints":{"allow":["GET"]}}],"collection":[{"href":"https:\/\/www.chapelle-crecy.com\/index.php?rest_route=\/wp\/v2\/posts"}],"about":[{"href":"https:\/\/www.chapelle-crecy.com\/index.php?rest_route=\/wp\/v2\/types\/post"}],"author":[{"embeddable":true,"href":"https:\/\/www.chapelle-crecy.com\/index.php?rest_route=\/wp\/v2\/users\/2"}],"replies":[{"embeddable":true,"href":"https:\/\/www.chapelle-crecy.com\/index.php?rest_route=%2Fwp%2Fv2%2Fcomments&post=950"}],"version-history":[{"count":0,"href":"https:\/\/www.chapelle-crecy.com\/index.php?rest_route=\/wp\/v2\/posts\/950\/revisions"}],"wp:attachment":[{"href":"https:\/\/www.chapelle-crecy.com\/index.php?rest_route=%2Fwp%2Fv2%2Fmedia&parent=950"}],"wp:term":[{"taxonomy":"category","embeddable":true,"href":"https:\/\/www.chapelle-crecy.com\/index.php?rest_route=%2Fwp%2Fv2%2Fcategories&post=950"},{"taxonomy":"post_tag","embeddable":true,"href":"https:\/\/www.chapelle-crecy.com\/index.php?rest_route=%2Fwp%2Fv2%2Ftags&post=950"}],"curies":[{"name":"wp","href":"https:\/\/api.w.org\/{rel}","templated":true}]}}