{"id":951,"date":"2015-12-27T10:01:01","date_gmt":"2015-12-27T10:01:01","guid":{"rendered":""},"modified":"-0001-11-30T00:00:00","modified_gmt":"-0001-11-29T22:00:00","slug":"","status":"publish","type":"post","link":"https:\/\/www.chapelle-crecy.com\/?p=951","title":{"rendered":"Veill\u00e9e de No\u00ebl 2015 sous le signe de la Paix"},"content":{"rendered":"<div align=\"justify\">Jeudi  soir 20h30, veill\u00e9e de No\u00f6l, une assembl\u00e9e nombreuse  est venue f\u00eater la naissance du Christ, en l&rsquo;\u00e9glise saint Georges \u00e0\u00a0 Cr\u00e9cy-la-Chapelle. Le Prince de la Paix, sous la forme humaine d&rsquo;un petit b\u00e9b\u00e9, dans une humble \u00e9table d&rsquo;un village recul\u00e9, entour\u00e9 de Marie et Joseph et de quelques animaux est n\u00e9 parmi nous pour changer le monde et l&rsquo;\u00e9clairer de son Amour. Tous, nous avons besoin de Paix, si fragile, apr\u00e8s cette ann\u00e9e de violence qui a meurtri  la France en plusieurs<br \/>\n\u00e9v\u00e8nements tragiques. Paix dans le monde, en France, au B\u00e9nin cher \u00e0\u00a0 notre pasteur, \u00e0\u00a0 l&rsquo;\u00e9cole, dans l&rsquo;entreprise, dans nos paroisses, nos familles, dans nos rapports avec nos concitoyens  <\/p>\n<div align=\"center\"><img decoding=\"async\" src=\"\/IMG\/jpg\/aime-jesus.jpg\" width=250><\/div>\n<p>\nEn d\u00e9but de messe, le P\u00e8re Aim\u00e9 a port\u00e9 l&rsquo;enfant J\u00e9sus, Prince de cette Paix tant esp\u00e9r\u00e9e, en procession  pour le d\u00e9poser au milieu de la cr\u00e8che devant l&rsquo;autel  au milieu de nous dans notre coeur.<br \/>\nEt dans le cadre de ce temps de No\u00f6l o\u00f9 Dieu s&rsquo;est fait tout-petit, Elisabeth, cat\u00e9chiste \u00e0\u00a0 Cr\u00e9cy, nous fait part de son accueil des touts-petits. Lisez plut t ce magnifique t\u00e9moignage&#8230;<\/div>\n<div align=\"justify\">\n<div align=\"center\">\u00ab Laissez venir \u00e0 moi les petits enfants \u00bb<\/div>\n<p> Je rends gr\u00e2ce aux Seigneur pour les centaines d&rsquo;enfants qu&rsquo;Il m&rsquo;a confi\u00e9s depuis toutes ces ann\u00e9es.<br \/>\n Que de merveilles sans cesse renouvel\u00e9es  dans l&rsquo;accueil des plus petits !<\/p>\n<div align=\"center\"><img decoding=\"async\" src=\"\/IMG\/jpg\/cate-elisa.jpg\" width=250><\/div>\n<p>\n Cela a commenc\u00e9 en 1975 \u00e0 Chelles. Apr\u00e8s le d\u00e9c\u00e8s de notre m\u00e8re et l&rsquo;abandon de notre p\u00e8re, j&rsquo;ai d\u00fb quitter la facult\u00e9 de Limoges et prendre soin de mon jeune fr\u00e8re Jean-Michel \u00e2g\u00e9 alors de 12 ans. Nous quitt\u00e2mes le Bas Berry o\u00f9 nous vivions alors pour nous rapprocher de la banlieue parisienne o\u00f9 j&rsquo;esp\u00e9rais trouver plus facilement du travail.Sans argent et sans dipl\u00f4me sup\u00e9rieur, cela n&rsquo;\u00e9tait pas gagn\u00e9 d&rsquo;avance. Mais je me sentais pouss\u00e9e par une force venue d&rsquo;en haut qui me donnait esp\u00e9rance et pers\u00e9v\u00e9rance.<br \/>\n J&rsquo;ai eu la chance d&rsquo;obtenir rapidement un logement HLM et une place de vendeuse de nounours \u00e0 la Samaritaine. Je  participais  avec le P\u00e8re Bruno Beltramelli \u00e0 l&rsquo;\u00e9veil \u00e0 la foi des tout petits de la paroisse. Ce furent des moments de f\u00eate o\u00f9 nous faisions chanter et danser tous ces enfants.<br \/>\n Mais le Seigneur me pr\u00e9parait un cadeau plus grand encore.<br \/>\n En 1977,  je rencontrai \u00e0 la sortie de la messe  soeur Marie Rapha\u00eblle, une religieuse qui avait \u00e9t\u00e9 ma ma \u00eetresse de 10i\u00e8me, CE1 aujourd&rsquo;hui. Je lui partageai ma vie et mon d\u00e9sir d&rsquo;enseigner qui n&rsquo;avait pu aboutir avec les \u00e9v\u00e8nements familiaux.<br \/>\n Celle-ci m&rsquo;invita \u00e0 prendre rendez-vous avec soeur Marie-Alphonse, la nouvelle directrice de l&rsquo;\u00e9cole Gasnier-Guy o\u00f9 j&rsquo;avais \u00e9t\u00e9 \u00e9l\u00e8ve  une grande partie de ma scolarit\u00e9. Et me voici \u00e0 ouvrir mon coeur et \u00e0 exprimer mon d\u00e9sir profond d&rsquo;annoncer J\u00e9sus vivant et ressuscit\u00e9 \u00e0 tous ces enfants qui me seraient confi\u00e9s.<br \/>\n Quelques temps plus tard, celle-ci m&rsquo;appela et me d\u00e9clara qu&rsquo;elle m&rsquo;avait choisie pour ma foi et elle me confia la nouvelle classe de CE1 qui s&rsquo;ouvrait alors.<br \/>\nBien s\u00fbr, je fis la formation n\u00e9cessaire et passai mon CAP d&rsquo;instituteur avec succ\u00e8s, mais je savais que ma plus belle mission \u00e9tait l&rsquo;annonce de J\u00e9sus et la pri\u00e8re avec les enfants.<br \/>\n Ce fut une v\u00e9ritable avalanche de cadeaux avec ces petits,  avides de d\u00e9couvrir ce J\u00e9sus si formidable. Ils ont voulu lui \u00e9crire des pri\u00e8res. Alors nous avons fait une grosse bo \u00eete aux lettres que nous avons mont\u00e9e jusqu&rsquo;\u00e0 la petite chapelle de l&rsquo;\u00e9cole. Des plus grands et m\u00eame  des coll\u00e9giens nous ont suivis, et nous nous sommes retrouv\u00e9s bien serr\u00e9s pour chanter les merveilles de Dieu. Et ce petit miracle se renouvelait tous les jours apr\u00e8s la cantine du midi. Chacun \u00e9tait accueilli avec joie, surtout les plus fragiles, ceux qui \u00e9taient en difficult\u00e9 scolaire, ceux qui vivaient des drames familiaux\u00e2\u20ac\u00a6<br \/>\n Un jour J\u00e9r\u00f4me, un petit \u00e9l\u00e8ve, arriva tout essouffl\u00e9 avec un morceau de pl\u00e2tre terreux  dans les mains. La r\u00e9cr\u00e9ation se passait alors \u00e0 la \u00ab prairie \u00bb qui donne sur la montagne de Chelles. Ils repartirent \u00e0 plusieurs pour fouiller encore. Ils revinrent avec un deuxi\u00e8me morceau que nous avons soigneusement nettoy\u00e9. En joignant les deux parties, on retrouvait un morceau de buste d&rsquo;une statue du sacr\u00e9 coeur, pr\u00e9cis\u00e9ment l&rsquo;endroit o\u00f9 J\u00e9sus montre son coeur. Mais il n&rsquo;y avait pas le coeur.<br \/>\n Nous avons mis alors notre tr\u00e9sor sur le tabernacle et tout le monde s&rsquo;est mis \u00e0 prier.<br \/>\nDans le silence, on entendit la voix d&rsquo;une petite fille disant : \u00ab Je sais pourquoi il n&rsquo;y a plus le coeur de J\u00e9sus ! \u00bb<br \/>\n Tout le monde s&rsquo;est retourn\u00e9, tr\u00e8s \u00e9tonn\u00e9.<br \/>\n C&rsquo;\u00e9tait Fr\u00e9d\u00e9rique, qui avait beaucoup de difficult\u00e9s en classe, elle continua : \u00ab Il n&rsquo;y a plus le coeur de J\u00e9sus, parce que son coeur\u00e2\u20ac\u00a6 Il nous l&rsquo;a donn\u00e9\u00e2\u20ac\u00a6 \u00bb<br \/>\n Grand myst\u00e8re annonc\u00e9 par une toute petite : J\u00e9sus nous donne son coeur, son coeur de mis\u00e9ricorde, son coeur d&rsquo;amour.<br \/>\n Toutes ces merveilles ont continu\u00e9 dans ma propre vie avec l&rsquo;accueil de mes quatre enfants ch\u00e9ris.<br \/>\n Puis mon nouveau poste \u00e0 l&rsquo;\u00e9cole Sainte Th\u00e9r\u00e8se de Couilly Pont-aux-Dames, o\u00f9 j&rsquo;ai eu la chance de rayonner pendant de nombreuses ann\u00e9es la bonne nouvelle de l&rsquo;\u00e9vangile.<br \/>\n Accompagn\u00e9s par la guitare, nous chantions chaque jour la gloire de Dieu Je ne pourrais pas raconter toutes les merveilles que le Seigneur a faites car il me faudrait des livres et des livres.<\/p>\n<div align=\"center\"><img decoding=\"async\" src=\"\/IMG\/jpg\/cate-elisa1.jpg\" width=250><\/div>\n<p>\n Me voici \u00e0 la retraite et je me croyais bien tranquille pour profiter  de mes nombreux petits enfants et voil\u00e0 que\u00e2\u20ac\u00a6 le P\u00e8re Aim\u00e9 m&rsquo;a appel\u00e9e \u00e0 prendre le service de la coordination de la cat\u00e9ch\u00e8se !<br \/>\n Je ne me sentais pas du tout capable de ces nouvelles responsabilit\u00e9s et j&rsquo;ai tout d&rsquo;abord refus\u00e9.<br \/>\n Mais l&rsquo;Esprit saint est tenace et notre P\u00e8re Aim\u00e9 aussi, et j&rsquo;ai fini par dire\u00e2\u20ac\u00a6oui !<br \/>\nEt oui l&rsquo;accueil de l&rsquo;autre, c&rsquo;est d&rsquo;abord l&rsquo;accueil de Dieu dans nos vies pour que nous portions du fruit.<br \/>\n Aujourd&rsquo;hui, il y a un peu plus d&rsquo;une cinquantaine d&rsquo;enfants qui viennent \u00e0 l&rsquo;\u00e9veil \u00e0 la foi avec Laurence et  au cat\u00e9chisme avec St\u00e9phanie, Charlotte , Tony, Anne-Marie, Ren\u00e9e et moi.<br \/>\n C&rsquo;est une belle \u00e9quipe au service d&rsquo;une superbe mission et le Seigneur continue de faire des merveilles au milieu de nous.<br \/>\n Et si vous connaissez des enfants qui voudraient nous rejoindre, encouragez-les,  car nous serons heureux de les accueillir, de les accompagner  et de leur transmettre ce tr\u00e9sor si pr\u00e9cieux.<\/p>\n<p> Elisabeth R\u00e9moleur\n<\/p><\/div>\n","protected":false},"excerpt":{"rendered":"<p>Jeudi soir 20h30, veill\u00e9e de No\u00f6l, une assembl\u00e9e nombreuse est venue f\u00eater la naissance du Christ, en l&rsquo;\u00e9glise saint Georges \u00e0\u00a0 Cr\u00e9cy-la-Chapelle. Le Prince de la Paix, sous la forme humaine d&rsquo;un petit b\u00e9b\u00e9,&#46;&#46;&#46;<\/p>\n","protected":false},"author":2,"featured_media":0,"comment_status":"open","ping_status":"open","sticky":false,"template":"","format":"standard","meta":{"footnotes":""},"categories":[],"tags":[],"class_list":["post-951","post","type-post","status-publish","format-standard","hentry"],"_links":{"self":[{"href":"https:\/\/www.chapelle-crecy.com\/index.php?rest_route=\/wp\/v2\/posts\/951","targetHints":{"allow":["GET"]}}],"collection":[{"href":"https:\/\/www.chapelle-crecy.com\/index.php?rest_route=\/wp\/v2\/posts"}],"about":[{"href":"https:\/\/www.chapelle-crecy.com\/index.php?rest_route=\/wp\/v2\/types\/post"}],"author":[{"embeddable":true,"href":"https:\/\/www.chapelle-crecy.com\/index.php?rest_route=\/wp\/v2\/users\/2"}],"replies":[{"embeddable":true,"href":"https:\/\/www.chapelle-crecy.com\/index.php?rest_route=%2Fwp%2Fv2%2Fcomments&post=951"}],"version-history":[{"count":0,"href":"https:\/\/www.chapelle-crecy.com\/index.php?rest_route=\/wp\/v2\/posts\/951\/revisions"}],"wp:attachment":[{"href":"https:\/\/www.chapelle-crecy.com\/index.php?rest_route=%2Fwp%2Fv2%2Fmedia&parent=951"}],"wp:term":[{"taxonomy":"category","embeddable":true,"href":"https:\/\/www.chapelle-crecy.com\/index.php?rest_route=%2Fwp%2Fv2%2Fcategories&post=951"},{"taxonomy":"post_tag","embeddable":true,"href":"https:\/\/www.chapelle-crecy.com\/index.php?rest_route=%2Fwp%2Fv2%2Ftags&post=951"}],"curies":[{"name":"wp","href":"https:\/\/api.w.org\/{rel}","templated":true}]}}